{"id":323,"date":"2023-03-23T12:30:56","date_gmt":"2023-03-23T11:30:56","guid":{"rendered":"https:\/\/blog.dieter-rossbach.com\/z3\/?p=323"},"modified":"2023-03-23T12:31:49","modified_gmt":"2023-03-23T11:31:49","slug":"16-11-2022-der-kabelbaum-in-der-heckklappe","status":"publish","type":"post","link":"https:\/\/blog.dieter-rossbach.com\/z3\/2023\/03\/23\/16-11-2022-der-kabelbaum-in-der-heckklappe\/","title":{"rendered":"22.03.2023 &#8211; Der Kabelbaum in der Heckklappe"},"content":{"rendered":"\n<p>Die Zentralverriegelung arbeitet nicht so, wie sie soll. W\u00e4hrend man \u00fcber das Heckklappenschloss das ganz Fahrzeug verriegeln und wieder aufschlie\u00dfen kann, geht das \u00fcber die T\u00fcren nicht: der Kofferraum wird weder auf- noch zugeschlossen. Allgemeiner Tenor in den Z3-Formen ist: der Kabelbaum zur Heckklappe ist gebrochen. Das ist ein altes BMW-Leiden, dass mich auch schon bei allen 5er Tourings getroffen hat. Da hilft nur, einen Reparatursatz einzubauen. Immerhin ist das Teil nicht teuer, f\u00fcr 29\u20ac erh\u00e4lt man bessere Qualit\u00e4t als original verbaut wurde. Der Einbau kostet allerdings etwas Zeit.<\/p>\n\n\n\n<figure class=\"wp-block-image size-full\"><img loading=\"lazy\" decoding=\"async\" width=\"800\" height=\"600\" src=\"https:\/\/blog.dieter-rossbach.com\/z3\/wp-content\/uploads\/sites\/9\/2022\/11\/z3-126.jpg\" alt=\"\" class=\"wp-image-334\" srcset=\"https:\/\/blog.dieter-rossbach.com\/z3\/wp-content\/uploads\/sites\/9\/2022\/11\/z3-126.jpg 800w, https:\/\/blog.dieter-rossbach.com\/z3\/wp-content\/uploads\/sites\/9\/2022\/11\/z3-126-300x225.jpg 300w, https:\/\/blog.dieter-rossbach.com\/z3\/wp-content\/uploads\/sites\/9\/2022\/11\/z3-126-768x576.jpg 768w, https:\/\/blog.dieter-rossbach.com\/z3\/wp-content\/uploads\/sites\/9\/2022\/11\/z3-126-400x300.jpg 400w\" sizes=\"auto, (max-width: 800px) 100vw, 800px\" \/><\/figure>\n\n\n\n<p>Mit der Vermutung, dass der Kabelbaum defekt ist, lag ich richtig, und der Tausch war absolut notwendig. Offensichtlich hatte sich schon jemand an einer Reparatur versucht, mit wenig Erfolg und viel Pfusch. Zwei Kabel waren komplett durchtrennt, vier weitere angerissen. <\/p>\n\n\n\n<figure class=\"wp-block-gallery has-nested-images columns-default is-cropped wp-block-gallery-1 is-layout-flex wp-block-gallery-is-layout-flex\">\n<figure class=\"wp-block-image size-large\"><img loading=\"lazy\" decoding=\"async\" width=\"800\" height=\"633\" data-id=\"356\" src=\"https:\/\/blog.dieter-rossbach.com\/z3\/wp-content\/uploads\/sites\/9\/2023\/03\/z3-137.jpg\" alt=\"\" class=\"wp-image-356\" srcset=\"https:\/\/blog.dieter-rossbach.com\/z3\/wp-content\/uploads\/sites\/9\/2023\/03\/z3-137.jpg 800w, https:\/\/blog.dieter-rossbach.com\/z3\/wp-content\/uploads\/sites\/9\/2023\/03\/z3-137-300x237.jpg 300w, https:\/\/blog.dieter-rossbach.com\/z3\/wp-content\/uploads\/sites\/9\/2023\/03\/z3-137-768x608.jpg 768w, https:\/\/blog.dieter-rossbach.com\/z3\/wp-content\/uploads\/sites\/9\/2023\/03\/z3-137-379x300.jpg 379w\" sizes=\"auto, (max-width: 800px) 100vw, 800px\" \/><figcaption class=\"wp-element-caption\">Der alteKabelbaum ist mit einer Kunststoffh\u00fclle ummantelt &#8230;<\/figcaption><\/figure>\n\n\n\n<figure class=\"wp-block-image size-large\"><img loading=\"lazy\" decoding=\"async\" width=\"800\" height=\"996\" data-id=\"358\" src=\"https:\/\/blog.dieter-rossbach.com\/z3\/wp-content\/uploads\/sites\/9\/2023\/03\/z3-138.jpg\" alt=\"\" class=\"wp-image-358\" srcset=\"https:\/\/blog.dieter-rossbach.com\/z3\/wp-content\/uploads\/sites\/9\/2023\/03\/z3-138.jpg 800w, https:\/\/blog.dieter-rossbach.com\/z3\/wp-content\/uploads\/sites\/9\/2023\/03\/z3-138-241x300.jpg 241w, https:\/\/blog.dieter-rossbach.com\/z3\/wp-content\/uploads\/sites\/9\/2023\/03\/z3-138-768x956.jpg 768w\" sizes=\"auto, (max-width: 800px) 100vw, 800px\" \/><figcaption class=\"wp-element-caption\">&#8230; unter der das Grauen zum Vorschein kommt.<\/figcaption><\/figure>\n\n\n\n<figure class=\"wp-block-image size-large\"><img loading=\"lazy\" decoding=\"async\" width=\"505\" height=\"800\" data-id=\"357\" src=\"https:\/\/blog.dieter-rossbach.com\/z3\/wp-content\/uploads\/sites\/9\/2023\/03\/z3-139.jpg\" alt=\"\" class=\"wp-image-357\" srcset=\"https:\/\/blog.dieter-rossbach.com\/z3\/wp-content\/uploads\/sites\/9\/2023\/03\/z3-139.jpg 505w, https:\/\/blog.dieter-rossbach.com\/z3\/wp-content\/uploads\/sites\/9\/2023\/03\/z3-139-189x300.jpg 189w\" sizes=\"auto, (max-width: 505px) 100vw, 505px\" \/><figcaption class=\"wp-element-caption\">Gerissene Kabel!<\/figcaption><\/figure>\n<\/figure>\n\n\n\n<p>Nach zwei Stunden messen, abisolieren und krimpen ist der neue Baum eingebaut &#8211; und jetzt funktioniert alles.<\/p>\n\n\n\n<figure class=\"wp-block-gallery has-nested-images columns-default is-cropped wp-block-gallery-2 is-layout-flex wp-block-gallery-is-layout-flex\">\n<figure class=\"wp-block-image size-large\"><img loading=\"lazy\" decoding=\"async\" width=\"800\" height=\"845\" data-id=\"360\" src=\"https:\/\/blog.dieter-rossbach.com\/z3\/wp-content\/uploads\/sites\/9\/2023\/03\/z3-140.jpg\" alt=\"\" class=\"wp-image-360\" srcset=\"https:\/\/blog.dieter-rossbach.com\/z3\/wp-content\/uploads\/sites\/9\/2023\/03\/z3-140.jpg 800w, https:\/\/blog.dieter-rossbach.com\/z3\/wp-content\/uploads\/sites\/9\/2023\/03\/z3-140-284x300.jpg 284w, https:\/\/blog.dieter-rossbach.com\/z3\/wp-content\/uploads\/sites\/9\/2023\/03\/z3-140-768x811.jpg 768w\" sizes=\"auto, (max-width: 800px) 100vw, 800px\" \/><\/figure>\n<\/figure>\n","protected":false},"excerpt":{"rendered":"<p>Die Zentralverriegelung arbeitet nicht so, wie sie soll. W\u00e4hrend man \u00fcber das Heckklappenschloss das ganz Fahrzeug verriegeln und wieder aufschlie\u00dfen kann, geht das \u00fcber die T\u00fcren nicht: der Kofferraum wird weder auf- noch zugeschlossen. Allgemeiner Tenor in den Z3-Formen ist: &hellip; <a href=\"https:\/\/blog.dieter-rossbach.com\/z3\/2023\/03\/23\/16-11-2022-der-kabelbaum-in-der-heckklappe\/\">Weiterlesen <span class=\"meta-nav\">&rarr;<\/span><\/a><\/p>\n","protected":false},"author":1,"featured_media":0,"comment_status":"closed","ping_status":"closed","sticky":false,"template":"","format":"standard","meta":{"footnotes":""},"categories":[1,12],"tags":[],"class_list":["post-323","post","type-post","status-publish","format-standard","hentry","category-allgemein","category-elektrik"],"_links":{"self":[{"href":"https:\/\/blog.dieter-rossbach.com\/z3\/wp-json\/wp\/v2\/posts\/323","targetHints":{"allow":["GET"]}}],"collection":[{"href":"https:\/\/blog.dieter-rossbach.com\/z3\/wp-json\/wp\/v2\/posts"}],"about":[{"href":"https:\/\/blog.dieter-rossbach.com\/z3\/wp-json\/wp\/v2\/types\/post"}],"author":[{"embeddable":true,"href":"https:\/\/blog.dieter-rossbach.com\/z3\/wp-json\/wp\/v2\/users\/1"}],"replies":[{"embeddable":true,"href":"https:\/\/blog.dieter-rossbach.com\/z3\/wp-json\/wp\/v2\/comments?post=323"}],"version-history":[{"count":5,"href":"https:\/\/blog.dieter-rossbach.com\/z3\/wp-json\/wp\/v2\/posts\/323\/revisions"}],"predecessor-version":[{"id":362,"href":"https:\/\/blog.dieter-rossbach.com\/z3\/wp-json\/wp\/v2\/posts\/323\/revisions\/362"}],"wp:attachment":[{"href":"https:\/\/blog.dieter-rossbach.com\/z3\/wp-json\/wp\/v2\/media?parent=323"}],"wp:term":[{"taxonomy":"category","embeddable":true,"href":"https:\/\/blog.dieter-rossbach.com\/z3\/wp-json\/wp\/v2\/categories?post=323"},{"taxonomy":"post_tag","embeddable":true,"href":"https:\/\/blog.dieter-rossbach.com\/z3\/wp-json\/wp\/v2\/tags?post=323"}],"curies":[{"name":"wp","href":"https:\/\/api.w.org\/{rel}","templated":true}]}}