{"id":999,"date":"2023-08-03T15:26:24","date_gmt":"2023-08-03T13:26:24","guid":{"rendered":"https:\/\/blog.dieter-rossbach.com\/E30\/?p=999"},"modified":"2023-08-03T15:26:25","modified_gmt":"2023-08-03T13:26:25","slug":"26-07-21023-verdeckkasten-laesst-sich-nicht-oeffnen","status":"publish","type":"post","link":"https:\/\/blog.dieter-rossbach.com\/E30\/26-07-21023-verdeckkasten-laesst-sich-nicht-oeffnen\/","title":{"rendered":"26.07.21023 &#8211; Verdeckkasten l\u00e4\u00dft sich nicht \u00f6ffnen"},"content":{"rendered":"\n<p>Die Entriegelung ging schon immer etwas schwer, aber als wir Ende Mai bei \u00fcber 30 Grad von der Bundesgartenschau in Mannheim zur\u00fcckfuhren, ging nichts mehr: der Entriegelungsgriff ging ins Leere. Es war also nichts mit Offenfahren. Immerhin war das nur die zweitschlechteste Situation, der Wagen h\u00e4tte auch offen sein und Regen einsetzen k\u00f6nnen.<\/p>\n\n\n\n<p>Zu Hause dann habe ich erst einmal zugesehen, dass ich den Verdeckkasten aufbekomme, um das Problem zu analysieren. Das geht einfacher, als die meisten Anleitungen im Netz behaupten: Durch die kleine Plastikklappe f\u00fcr das Verdeckgest\u00e4nge f\u00fchrt man einen langen Schraubenzieher ein und dr\u00fcckt dann den im nachfolgenden Bild markierten Entriegelungshebel, der, wenn alles in Ordnung ist, ja vom Bowdenzug bewegt wird, nach vorne (in Fahrtrichtung) dadurch wird der Fanghaken entriegelt. Nat\u00fcrlich muss das auf beiden Seiten gemacht werden.<\/p>\n\n\n\n<figure class=\"wp-block-image size-full\"><img loading=\"lazy\" decoding=\"async\" width=\"810\" height=\"492\" src=\"https:\/\/blog.dieter-rossbach.com\/E30\/wp-content\/uploads\/sites\/2\/2023\/08\/E30-244-800.jpg\" alt=\"\" class=\"wp-image-1000\" srcset=\"https:\/\/blog.dieter-rossbach.com\/E30\/wp-content\/uploads\/sites\/2\/2023\/08\/E30-244-800.jpg 810w, https:\/\/blog.dieter-rossbach.com\/E30\/wp-content\/uploads\/sites\/2\/2023\/08\/E30-244-800-300x182.jpg 300w, https:\/\/blog.dieter-rossbach.com\/E30\/wp-content\/uploads\/sites\/2\/2023\/08\/E30-244-800-768x466.jpg 768w, https:\/\/blog.dieter-rossbach.com\/E30\/wp-content\/uploads\/sites\/2\/2023\/08\/E30-244-800-494x300.jpg 494w\" sizes=\"auto, (max-width: 810px) 100vw, 810px\" \/><\/figure>\n\n\n\n<p>Um dem Problem auf die Spur zu kommen, habe ich dann die Seitenverkleidung demontiert &#8211; als erst die R\u00fccksitzban raus, dann die Lautsprecherverkleidung entfernt und die darunter liegenden Schrauben der Seitenverkleidung gel\u00f6st. <\/p>\n\n\n\n<figure class=\"wp-block-image size-full\"><img loading=\"lazy\" decoding=\"async\" width=\"810\" height=\"740\" src=\"https:\/\/blog.dieter-rossbach.com\/E30\/wp-content\/uploads\/sites\/2\/2023\/08\/E30-242-800.jpg\" alt=\"\" class=\"wp-image-1001\" srcset=\"https:\/\/blog.dieter-rossbach.com\/E30\/wp-content\/uploads\/sites\/2\/2023\/08\/E30-242-800.jpg 810w, https:\/\/blog.dieter-rossbach.com\/E30\/wp-content\/uploads\/sites\/2\/2023\/08\/E30-242-800-300x274.jpg 300w, https:\/\/blog.dieter-rossbach.com\/E30\/wp-content\/uploads\/sites\/2\/2023\/08\/E30-242-800-768x702.jpg 768w, https:\/\/blog.dieter-rossbach.com\/E30\/wp-content\/uploads\/sites\/2\/2023\/08\/E30-242-800-328x300.jpg 328w\" sizes=\"auto, (max-width: 810px) 100vw, 810px\" \/><\/figure>\n\n\n\n<p>Das Problem stellte sich dann als leicht l\u00f6sbar heraus: der Nippel war aus der Aufnahme an der Entriegelung herausgerutscht. Mit einer Spitzzange und etwas Geduld lies er sich wieder einf\u00e4delt. Ich habe ihn dann etwas fixiert. Beim Zusammenbau habe ich den Plastikhebel so weit wie m\u00f6glich Richtung Fahrerseite verschoben, den Langl\u00f6chern sei Dank, um die Hebelwirkung zu verbessern. Das hat geholfen, nun l\u00e4sst sich der Verdeckkasten leicht \u00f6ffnen.<\/p>\n\n\n\n<figure class=\"wp-block-image size-full\"><img loading=\"lazy\" decoding=\"async\" width=\"810\" height=\"824\" src=\"https:\/\/blog.dieter-rossbach.com\/E30\/wp-content\/uploads\/sites\/2\/2023\/08\/E30-243-800.jpg\" alt=\"\" class=\"wp-image-1002\" srcset=\"https:\/\/blog.dieter-rossbach.com\/E30\/wp-content\/uploads\/sites\/2\/2023\/08\/E30-243-800.jpg 810w, https:\/\/blog.dieter-rossbach.com\/E30\/wp-content\/uploads\/sites\/2\/2023\/08\/E30-243-800-295x300.jpg 295w, https:\/\/blog.dieter-rossbach.com\/E30\/wp-content\/uploads\/sites\/2\/2023\/08\/E30-243-800-768x781.jpg 768w\" sizes=\"auto, (max-width: 810px) 100vw, 810px\" \/><\/figure>\n","protected":false},"excerpt":{"rendered":"<p>Die Entriegelung ging schon immer etwas schwer, aber als wir Ende Mai bei \u00fcber 30 Grad von der Bundesgartenschau in Mannheim zur\u00fcckfuhren, ging nichts mehr: der Entriegelungsgriff ging ins Leere. Es war also nichts mit Offenfahren. Immerhin war das nur &hellip; <a href=\"https:\/\/blog.dieter-rossbach.com\/E30\/26-07-21023-verdeckkasten-laesst-sich-nicht-oeffnen\/\">Weiterlesen <span class=\"meta-nav\">&rarr;<\/span><\/a><\/p>\n","protected":false},"author":1,"featured_media":0,"comment_status":"closed","ping_status":"closed","sticky":false,"template":"","format":"standard","meta":{"footnotes":""},"categories":[59],"tags":[],"class_list":["post-999","post","type-post","status-publish","format-standard","hentry","category-karosserie"],"_links":{"self":[{"href":"https:\/\/blog.dieter-rossbach.com\/E30\/wp-json\/wp\/v2\/posts\/999","targetHints":{"allow":["GET"]}}],"collection":[{"href":"https:\/\/blog.dieter-rossbach.com\/E30\/wp-json\/wp\/v2\/posts"}],"about":[{"href":"https:\/\/blog.dieter-rossbach.com\/E30\/wp-json\/wp\/v2\/types\/post"}],"author":[{"embeddable":true,"href":"https:\/\/blog.dieter-rossbach.com\/E30\/wp-json\/wp\/v2\/users\/1"}],"replies":[{"embeddable":true,"href":"https:\/\/blog.dieter-rossbach.com\/E30\/wp-json\/wp\/v2\/comments?post=999"}],"version-history":[{"count":2,"href":"https:\/\/blog.dieter-rossbach.com\/E30\/wp-json\/wp\/v2\/posts\/999\/revisions"}],"predecessor-version":[{"id":1006,"href":"https:\/\/blog.dieter-rossbach.com\/E30\/wp-json\/wp\/v2\/posts\/999\/revisions\/1006"}],"wp:attachment":[{"href":"https:\/\/blog.dieter-rossbach.com\/E30\/wp-json\/wp\/v2\/media?parent=999"}],"wp:term":[{"taxonomy":"category","embeddable":true,"href":"https:\/\/blog.dieter-rossbach.com\/E30\/wp-json\/wp\/v2\/categories?post=999"},{"taxonomy":"post_tag","embeddable":true,"href":"https:\/\/blog.dieter-rossbach.com\/E30\/wp-json\/wp\/v2\/tags?post=999"}],"curies":[{"name":"wp","href":"https:\/\/api.w.org\/{rel}","templated":true}]}}