{"id":885,"date":"2020-02-06T11:18:05","date_gmt":"2020-02-06T09:18:05","guid":{"rendered":"https:\/\/blog.dieter-rossbach.com\/E30\/?p=885"},"modified":"2020-04-06T17:23:00","modified_gmt":"2020-04-06T15:23:00","slug":"01-02-2020-mal-wieder-elektrik-kombiinstrument","status":"publish","type":"post","link":"https:\/\/blog.dieter-rossbach.com\/E30\/01-02-2020-mal-wieder-elektrik-kombiinstrument\/","title":{"rendered":"01.02.2020 &#8211; Mal wieder Elektrik: Kombiinstrument, Radio"},"content":{"rendered":"\n<figure class=\"wp-block-image size-large\"><img loading=\"lazy\" decoding=\"async\" width=\"800\" height=\"910\" src=\"https:\/\/blog.dieter-rossbach.com\/E30\/wp-content\/uploads\/sites\/2\/2020\/02\/e30-221-800.jpg\" alt=\"\" class=\"wp-image-886\" srcset=\"https:\/\/blog.dieter-rossbach.com\/E30\/wp-content\/uploads\/sites\/2\/2020\/02\/e30-221-800.jpg 800w, https:\/\/blog.dieter-rossbach.com\/E30\/wp-content\/uploads\/sites\/2\/2020\/02\/e30-221-800-264x300.jpg 264w, https:\/\/blog.dieter-rossbach.com\/E30\/wp-content\/uploads\/sites\/2\/2020\/02\/e30-221-800-768x874.jpg 768w\" sizes=\"auto, (max-width: 800px) 100vw, 800px\" \/><\/figure>\n\n\n\n<p>Der Drehzahlmesser und die Verbrauchsanzeige bewegen sich nicht mehr. Die erste Vermutung, die aus Diskussionen in diversen Facebook-E30-Gruppen und auf der E30-Seite im Internet, deutet auf die beiden Akkus auf der SI-Platine hin. Diese Akkus m\u00fcssen 3,0 V haben, meine sind bei 1,0V. Also habe ich mir neue (ja, die gibt es und sie sind mit 9,90\u20ac auch sehr billig) besorgt und eingel\u00f6tet. Ergebnis: nichts tut sich. Also k\u00f6nnte es die Platine sein. Neue sind unbezahlbar, aktuell liegt der Preis bei \u00fcber 500\u20ac. Ich habe mir jetzt erst einmal ein gebrauchtes mit Funktionsgarantie bestellt, zum testen.<\/p>\n\n\n\n<p>Der Ausbau des Kombiinstruments ist l\u00e4stig, wenn man es sich einfacher machen m\u00f6chte, muss das Lenkrad raus.<\/p>\n\n\n\n<p>Hier noch der Fund des Monats: Den Stecker, mit dem das Radio an die SA-Buchse angeschossen wird, suche ich schon, seit ich den Radioanschlu\u00df neu verlegt habe, jetzt habe ich ihn f\u00fcr 8\u20ac inkl. Versand bekommen. Also kommt das Kabel noch mal raus und wird final bearbeitet, aber das muss sein. Ich mag n\u00e4mlich eigentlich keine Provisorien &#8211; erledigt.<\/p>\n\n\n\n<figure class=\"wp-block-image size-large\"><img loading=\"lazy\" decoding=\"async\" width=\"800\" height=\"603\" src=\"https:\/\/blog.dieter-rossbach.com\/E30\/wp-content\/uploads\/sites\/2\/2020\/02\/e30-222-800.jpg\" alt=\"\" class=\"wp-image-890\" srcset=\"https:\/\/blog.dieter-rossbach.com\/E30\/wp-content\/uploads\/sites\/2\/2020\/02\/e30-222-800.jpg 800w, https:\/\/blog.dieter-rossbach.com\/E30\/wp-content\/uploads\/sites\/2\/2020\/02\/e30-222-800-300x226.jpg 300w, https:\/\/blog.dieter-rossbach.com\/E30\/wp-content\/uploads\/sites\/2\/2020\/02\/e30-222-800-768x579.jpg 768w, https:\/\/blog.dieter-rossbach.com\/E30\/wp-content\/uploads\/sites\/2\/2020\/02\/e30-222-800-398x300.jpg 398w\" sizes=\"auto, (max-width: 800px) 100vw, 800px\" \/><\/figure>\n\n\n\n<p>Das reparierte Kombiinstrument, mit neuem Kodierstecker, denn der war auch defekt, ist nun wieder eingebaut.<\/p>\n\n\n\n<figure class=\"wp-block-image size-large\"><img loading=\"lazy\" decoding=\"async\" width=\"800\" height=\"564\" src=\"https:\/\/blog.dieter-rossbach.com\/E30\/wp-content\/uploads\/sites\/2\/2020\/04\/e30-234-800.jpg\" alt=\"\" class=\"wp-image-943\" srcset=\"https:\/\/blog.dieter-rossbach.com\/E30\/wp-content\/uploads\/sites\/2\/2020\/04\/e30-234-800.jpg 800w, https:\/\/blog.dieter-rossbach.com\/E30\/wp-content\/uploads\/sites\/2\/2020\/04\/e30-234-800-300x212.jpg 300w, https:\/\/blog.dieter-rossbach.com\/E30\/wp-content\/uploads\/sites\/2\/2020\/04\/e30-234-800-768x541.jpg 768w, https:\/\/blog.dieter-rossbach.com\/E30\/wp-content\/uploads\/sites\/2\/2020\/04\/e30-234-800-426x300.jpg 426w\" sizes=\"auto, (max-width: 800px) 100vw, 800px\" \/><\/figure>\n","protected":false},"excerpt":{"rendered":"<p>Der Drehzahlmesser und die Verbrauchsanzeige bewegen sich nicht mehr. Die erste Vermutung, die aus Diskussionen in diversen Facebook-E30-Gruppen und auf der E30-Seite im Internet, deutet auf die beiden Akkus auf der SI-Platine hin. Diese Akkus m\u00fcssen 3,0 V haben, meine &hellip; <a href=\"https:\/\/blog.dieter-rossbach.com\/E30\/01-02-2020-mal-wieder-elektrik-kombiinstrument\/\">Weiterlesen <span class=\"meta-nav\">&rarr;<\/span><\/a><\/p>\n","protected":false},"author":1,"featured_media":0,"comment_status":"closed","ping_status":"closed","sticky":false,"template":"","format":"standard","meta":{"footnotes":""},"categories":[62,60],"tags":[],"class_list":["post-885","post","type-post","status-publish","format-standard","hentry","category-elektrik","category-innenraum"],"_links":{"self":[{"href":"https:\/\/blog.dieter-rossbach.com\/E30\/wp-json\/wp\/v2\/posts\/885","targetHints":{"allow":["GET"]}}],"collection":[{"href":"https:\/\/blog.dieter-rossbach.com\/E30\/wp-json\/wp\/v2\/posts"}],"about":[{"href":"https:\/\/blog.dieter-rossbach.com\/E30\/wp-json\/wp\/v2\/types\/post"}],"author":[{"embeddable":true,"href":"https:\/\/blog.dieter-rossbach.com\/E30\/wp-json\/wp\/v2\/users\/1"}],"replies":[{"embeddable":true,"href":"https:\/\/blog.dieter-rossbach.com\/E30\/wp-json\/wp\/v2\/comments?post=885"}],"version-history":[{"count":4,"href":"https:\/\/blog.dieter-rossbach.com\/E30\/wp-json\/wp\/v2\/posts\/885\/revisions"}],"predecessor-version":[{"id":944,"href":"https:\/\/blog.dieter-rossbach.com\/E30\/wp-json\/wp\/v2\/posts\/885\/revisions\/944"}],"wp:attachment":[{"href":"https:\/\/blog.dieter-rossbach.com\/E30\/wp-json\/wp\/v2\/media?parent=885"}],"wp:term":[{"taxonomy":"category","embeddable":true,"href":"https:\/\/blog.dieter-rossbach.com\/E30\/wp-json\/wp\/v2\/categories?post=885"},{"taxonomy":"post_tag","embeddable":true,"href":"https:\/\/blog.dieter-rossbach.com\/E30\/wp-json\/wp\/v2\/tags?post=885"}],"curies":[{"name":"wp","href":"https:\/\/api.w.org\/{rel}","templated":true}]}}