{"id":76,"date":"2018-02-04T18:39:16","date_gmt":"2018-02-04T16:39:16","guid":{"rendered":"http:\/\/blog.dieter-rossbach.com\/e30\/?p=76"},"modified":"2020-01-29T21:29:14","modified_gmt":"2020-01-29T19:29:14","slug":"10-1-2017-neue-nabendeckel-und-gurte","status":"publish","type":"post","link":"https:\/\/blog.dieter-rossbach.com\/E30\/10-1-2017-neue-nabendeckel-und-gurte\/","title":{"rendered":"10.1.2017: Neue Nabendeckel und Gurte"},"content":{"rendered":"<p><img loading=\"lazy\" decoding=\"async\" class=\"alignnone wp-image-78 size-full\" src=\"https:\/\/blog.dieter-rossbach.com\/E30\/wp-content\/uploads\/sites\/2\/2018\/02\/nabendeckel-1000-300x200.jpg\" alt=\"\" width=\"300\" height=\"200\" \/><\/p>\n<p>Nachdem die Beschaffung der Alpinas aktuell auf Eis liegt und nicht abzusehen ist ob, und wenn, wann ich welche bekomme, habe ich mich erst einmal um die Nabendeckel f\u00fcr die Styling-5-Kreuzspeichenr\u00e4der gek\u00fcmmert. Zwei der alten haben kein Emblem mehr, einer fehlt und zudem sind alle recht mitgenommen. Da kam das Ebay-Angebot gerade recht: 4 St\u00fcck, originalverpackt, neu. Beim R\u00e4umen, bei der Aktion, wo auch der Kabelbaum wieder aufgetaucht ist, kamen dann zwei weitere originalverpackte zum Vorschein, die ich wohl vor Jahren schon gekauft hatte. Ich muss mal meinen Ordner mit den alten Rechnungen durchsehen. Die alten Deckel gehen an Rainer f\u00fcr den Zweit\u00fcrer.<\/p>\n<p><img loading=\"lazy\" decoding=\"async\" class=\"alignnone wp-image-77 size-full\" src=\"https:\/\/blog.dieter-rossbach.com\/E30\/wp-content\/uploads\/sites\/2\/2018\/02\/gurte-1000-300x152.jpg\" alt=\"\" width=\"300\" height=\"152\" \/><\/p>\n<p>Es war offensichtlich ein Versuch wert: Gro\u00dfe \u00dcberraschung beim BMW-H\u00e4ndler: Vordere Gurte gibt es noch, und auch die Gurtpeitschen. Die alten haben nun schon 600.000km und 30 Jahre ihren Dienst getan, auf Ihrer Haltbarkeit wollte ich mich dann doch nicht mehr verlassen. Zudem sehen sie auch etwas verschliessen aus. Das gilt ganz besonders f\u00fcr die Gurtpeitschen, deren rote Tasten sehr blass geworden sind. Bei Ebay gibt es allerdings nur Gebrauchtware, da blieb dann nur der Versuch beim BMW-H\u00e4ndler. Manko: die Teile werden mit Gold aufgewogen: die Gurte f\u00fcr die beiden Vordersitze und die beiden Gurtpeischen kosteten zusammen 661,00 Euro!<\/p>\n","protected":false},"excerpt":{"rendered":"<p>Nachdem die Beschaffung der Alpinas aktuell auf Eis liegt und nicht abzusehen ist ob, und wenn, wann ich welche bekomme, habe ich mich erst einmal um die Nabendeckel f\u00fcr die Styling-5-Kreuzspeichenr\u00e4der gek\u00fcmmert. Zwei der alten haben kein Emblem mehr, einer &hellip; <a href=\"https:\/\/blog.dieter-rossbach.com\/E30\/10-1-2017-neue-nabendeckel-und-gurte\/\">Weiterlesen <span class=\"meta-nav\">&rarr;<\/span><\/a><\/p>\n","protected":false},"author":1,"featured_media":0,"comment_status":"closed","ping_status":"closed","sticky":false,"template":"","format":"standard","meta":{"footnotes":""},"categories":[64,60,57],"tags":[9,7,10,8],"class_list":["post-76","post","type-post","status-publish","format-standard","hentry","category-fahrwerk","category-innenraum","category-restaurierung","tag-kreuzspeiche","tag-nabendeckel","tag-sicherheitsgurte","tag-styling-5"],"_links":{"self":[{"href":"https:\/\/blog.dieter-rossbach.com\/E30\/wp-json\/wp\/v2\/posts\/76","targetHints":{"allow":["GET"]}}],"collection":[{"href":"https:\/\/blog.dieter-rossbach.com\/E30\/wp-json\/wp\/v2\/posts"}],"about":[{"href":"https:\/\/blog.dieter-rossbach.com\/E30\/wp-json\/wp\/v2\/types\/post"}],"author":[{"embeddable":true,"href":"https:\/\/blog.dieter-rossbach.com\/E30\/wp-json\/wp\/v2\/users\/1"}],"replies":[{"embeddable":true,"href":"https:\/\/blog.dieter-rossbach.com\/E30\/wp-json\/wp\/v2\/comments?post=76"}],"version-history":[{"count":3,"href":"https:\/\/blog.dieter-rossbach.com\/E30\/wp-json\/wp\/v2\/posts\/76\/revisions"}],"predecessor-version":[{"id":777,"href":"https:\/\/blog.dieter-rossbach.com\/E30\/wp-json\/wp\/v2\/posts\/76\/revisions\/777"}],"wp:attachment":[{"href":"https:\/\/blog.dieter-rossbach.com\/E30\/wp-json\/wp\/v2\/media?parent=76"}],"wp:term":[{"taxonomy":"category","embeddable":true,"href":"https:\/\/blog.dieter-rossbach.com\/E30\/wp-json\/wp\/v2\/categories?post=76"},{"taxonomy":"post_tag","embeddable":true,"href":"https:\/\/blog.dieter-rossbach.com\/E30\/wp-json\/wp\/v2\/tags?post=76"}],"curies":[{"name":"wp","href":"https:\/\/api.w.org\/{rel}","templated":true}]}}