{"id":666,"date":"2019-08-05T08:47:10","date_gmt":"2019-08-05T06:47:10","guid":{"rendered":"http:\/\/blog.dieter-rossbach.com\/e30\/?p=666"},"modified":"2020-01-29T17:54:30","modified_gmt":"2020-01-29T15:54:30","slug":"08-08-2019-weitere-nacharbeiten","status":"publish","type":"post","link":"https:\/\/blog.dieter-rossbach.com\/E30\/08-08-2019-weitere-nacharbeiten\/","title":{"rendered":"05.08.2019 &#8211; Weitere Nacharbeiten"},"content":{"rendered":"<p><span style=\"display: inline !important; float: none; background-color: #ffffff; color: #333333; cursor: text; font-family: 'Libre Franklin','Helvetica Neue',helvetica,arial,sans-serif; font-size: 16px; font-style: normal; font-variant: normal; font-weight: 400; letter-spacing: normal; orphans: 2; text-align: left; text-decoration: none; text-indent: 0px; text-transform: none; -webkit-text-stroke-width: 0px; white-space: normal; word-spacing: 0px;\">Der E30 hat keine Warnsignal f\u00fcr &#8222;Licht an, Z\u00fcndung aus&#8220; eingebaut, das habe ich nach leidvoller Erfahrung in der Vergangenheit nun nachger\u00fcstet. Die Leitung Licht &lt;blau&gt; des Pipsers habe ich&nbsp; auf Klemme 4 der Sonderausstattungsbuchse, das Z\u00fcndungsplus (Blau) auf&nbsp; Klemme 12 (zusammen mit USB-Buchse) gelegt.<\/span><\/p>\n<p>Ein kleiner Tribut an heute ist die nachger\u00fcstete USB-Buchse. Die Option \u00fcber die Einsteckl\u00f6sung in den Zigarettenanz\u00fcnder gef\u00e4llt mir nicht, da hier Dauerplus anliegt. Diese Einsteckbuchsen sind also ein weiterer Gefahrenpunkt f\u00fcr eine schleichende Batterieentladung. Mein Montageplatz f\u00fcr den Festeinbau ist rechts oben in der Mittelkonsole. Damit ist die Buchse nur vom Fahrersitz aus zu sehen. Z\u00fcndungsplus liegt auf Kemme 12 (Blau) der Sonderausstattungsbuchse , Masse (Blau) auf dem Masseverteiler unter dem Armaturenbrett auf der Fahrerseite. Die Mittelkonsole habe ich mit einem 30mm Zylinderbohrer aufgebohrt, passt perfekt.<\/p>\n<p><img loading=\"lazy\" decoding=\"async\" width=\"800\" height=\"442\" class=\"alignnone size-full wp-image-686\" alt=\"\" src=\"http:\/\/blog.dieter-rossbach.com\/e30\/wp-content\/uploads\/2019\/08\/e30-199-800.jpg\" srcset=\"https:\/\/blog.dieter-rossbach.com\/E30\/wp-content\/uploads\/sites\/2\/2019\/08\/e30-199-800.jpg 800w, https:\/\/blog.dieter-rossbach.com\/E30\/wp-content\/uploads\/sites\/2\/2019\/08\/e30-199-800-300x166.jpg 300w, https:\/\/blog.dieter-rossbach.com\/E30\/wp-content\/uploads\/sites\/2\/2019\/08\/e30-199-800-768x424.jpg 768w\" sizes=\"auto, (max-width: 800px) 100vw, 800px\" \/><\/p>\n<p><img loading=\"lazy\" decoding=\"async\" width=\"800\" height=\"415\" class=\"alignnone size-full wp-image-687\" alt=\"\" src=\"http:\/\/blog.dieter-rossbach.com\/e30\/wp-content\/uploads\/2019\/08\/e30-200-800.jpg\" srcset=\"https:\/\/blog.dieter-rossbach.com\/E30\/wp-content\/uploads\/sites\/2\/2019\/08\/e30-200-800.jpg 800w, https:\/\/blog.dieter-rossbach.com\/E30\/wp-content\/uploads\/sites\/2\/2019\/08\/e30-200-800-300x156.jpg 300w, https:\/\/blog.dieter-rossbach.com\/E30\/wp-content\/uploads\/sites\/2\/2019\/08\/e30-200-800-768x398.jpg 768w\" sizes=\"auto, (max-width: 800px) 100vw, 800px\" \/><\/p>\n<p>Am Einstieg auf der Fahrerseite gab es kleinere Lacksch\u00e4den, verursacht durch das Gurtschloss, das bei den alten Gurten nicht immer sauber eingezogen wurde. Schleifen, f\u00fcllern, grundieren und lackeren haben die Sch\u00e4den verschwinden lassen.<\/p>\n<p>Auch Kleinigkeiten z\u00e4hlen: Die Pedalgummis sind auch 31 Jahre alt, ich habe sie erneuert.<br \/>\n<img loading=\"lazy\" decoding=\"async\" width=\"800\" height=\"540\" class=\"alignnone size-full wp-image-684\" style=\"color: #333333; font-family: &amp;quot; libre franklin&amp;quot;,&amp;quot;helvetica neue&amp;quot;,helvetica,arial,sans-serif; font-size: 16px; font-style: normal; font-variant: normal; font-weight: 400; height: auto; letter-spacing: normal; max-width: 100%; orphans: 2; outline-color: #72777c; outline-style: solid; outline-width: 1px; text-align: left; text-decoration: none; text-indent: 0px; text-transform: none; -webkit-text-stroke-width: 0px; white-space: normal; word-spacing: 0px;\" alt=\"\" src=\"http:\/\/blog.dieter-rossbach.com\/e30\/wp-content\/uploads\/2019\/08\/e30-197-800.jpg\" srcset=\"https:\/\/blog.dieter-rossbach.com\/E30\/wp-content\/uploads\/sites\/2\/2019\/08\/e30-197-800.jpg 800w, https:\/\/blog.dieter-rossbach.com\/E30\/wp-content\/uploads\/sites\/2\/2019\/08\/e30-197-800-300x203.jpg 300w, https:\/\/blog.dieter-rossbach.com\/E30\/wp-content\/uploads\/sites\/2\/2019\/08\/e30-197-800-768x518.jpg 768w\" sizes=\"auto, (max-width: 800px) 100vw, 800px\" \/><br \/>\n<img loading=\"lazy\" decoding=\"async\" width=\"800\" height=\"526\" class=\"alignnone size-full wp-image-685\" alt=\"\" src=\"http:\/\/blog.dieter-rossbach.com\/e30\/wp-content\/uploads\/2019\/08\/e30-198-800.jpg\" srcset=\"https:\/\/blog.dieter-rossbach.com\/E30\/wp-content\/uploads\/sites\/2\/2019\/08\/e30-198-800.jpg 800w, https:\/\/blog.dieter-rossbach.com\/E30\/wp-content\/uploads\/sites\/2\/2019\/08\/e30-198-800-300x197.jpg 300w, https:\/\/blog.dieter-rossbach.com\/E30\/wp-content\/uploads\/sites\/2\/2019\/08\/e30-198-800-768x505.jpg 768w\" sizes=\"auto, (max-width: 800px) 100vw, 800px\" \/><br \/>\nDas Kupplungspedal wird noch lackiert &#8230;<\/p>\n<p>An den Spiegeldreiecken sind bein Ausbau sind die Haltenasen abgebrochen, ich habe guten gebrauchten Ersatz bekommen.<\/p>\n<p>Der vordere Hebel der Sitzverstellung war sehr abgegriffen, ich habe ihn geschliffen und lackiert. Die Sitzschienen brauchen noch Zuwendung und die Mechanik reichlich Schmiermittel. Die Sitze m\u00fcssen also noch einmal raus.<\/p>\n<p>Die Motor\u00f6l -Niveaukontrolle liefert eine Fehlermeldung an Check Control, obwohl der \u00d6lstand korrekt ist. Ausbau und reinigen oder neu beschaffen? Ein Neuteil kostet 200\u20ac, zudem muss der Wagen in jedem Falle auf die Hebeb\u00fchne.<\/p>\n","protected":false},"excerpt":{"rendered":"<p>Der E30 hat keine Warnsignal f\u00fcr &#8222;Licht an, Z\u00fcndung aus&#8220; eingebaut, das habe ich nach leidvoller Erfahrung in der Vergangenheit nun nachger\u00fcstet. Die Leitung Licht &lt;blau&gt; des Pipsers habe ich&nbsp; auf Klemme 4 der Sonderausstattungsbuchse, das Z\u00fcndungsplus (Blau) auf&nbsp; Klemme &hellip; <a href=\"https:\/\/blog.dieter-rossbach.com\/E30\/08-08-2019-weitere-nacharbeiten\/\">Weiterlesen <span class=\"meta-nav\">&rarr;<\/span><\/a><\/p>\n","protected":false},"author":1,"featured_media":0,"comment_status":"closed","ping_status":"closed","sticky":false,"template":"","format":"standard","meta":{"footnotes":""},"categories":[57],"tags":[],"class_list":["post-666","post","type-post","status-publish","format-standard","hentry","category-restaurierung"],"_links":{"self":[{"href":"https:\/\/blog.dieter-rossbach.com\/E30\/wp-json\/wp\/v2\/posts\/666","targetHints":{"allow":["GET"]}}],"collection":[{"href":"https:\/\/blog.dieter-rossbach.com\/E30\/wp-json\/wp\/v2\/posts"}],"about":[{"href":"https:\/\/blog.dieter-rossbach.com\/E30\/wp-json\/wp\/v2\/types\/post"}],"author":[{"embeddable":true,"href":"https:\/\/blog.dieter-rossbach.com\/E30\/wp-json\/wp\/v2\/users\/1"}],"replies":[{"embeddable":true,"href":"https:\/\/blog.dieter-rossbach.com\/E30\/wp-json\/wp\/v2\/comments?post=666"}],"version-history":[{"count":9,"href":"https:\/\/blog.dieter-rossbach.com\/E30\/wp-json\/wp\/v2\/posts\/666\/revisions"}],"predecessor-version":[{"id":792,"href":"https:\/\/blog.dieter-rossbach.com\/E30\/wp-json\/wp\/v2\/posts\/666\/revisions\/792"}],"wp:attachment":[{"href":"https:\/\/blog.dieter-rossbach.com\/E30\/wp-json\/wp\/v2\/media?parent=666"}],"wp:term":[{"taxonomy":"category","embeddable":true,"href":"https:\/\/blog.dieter-rossbach.com\/E30\/wp-json\/wp\/v2\/categories?post=666"},{"taxonomy":"post_tag","embeddable":true,"href":"https:\/\/blog.dieter-rossbach.com\/E30\/wp-json\/wp\/v2\/tags?post=666"}],"curies":[{"name":"wp","href":"https:\/\/api.w.org\/{rel}","templated":true}]}}