{"id":329,"date":"2019-02-22T14:34:59","date_gmt":"2019-02-22T12:34:59","guid":{"rendered":"http:\/\/blog.dieter-rossbach.com\/e30\/?p=329"},"modified":"2020-01-29T17:53:25","modified_gmt":"2020-01-29T15:53:25","slug":"22-2-2019-der-wage-nist-zurueck-vom-lackierer","status":"publish","type":"post","link":"https:\/\/blog.dieter-rossbach.com\/E30\/22-2-2019-der-wage-nist-zurueck-vom-lackierer\/","title":{"rendered":"22.2.2019 &#8211; Der Wagen ist zur\u00fcck vom Lackierer"},"content":{"rendered":"<p>Die Lackerarbeiten sind abgeschlossen. Alle Scharten und Schrammen sind sauber entfernt, das neue Heckbleck f\u00fcgt sich ordentlich in die Karosserie ein.<\/p>\n<p><img loading=\"lazy\" decoding=\"async\" width=\"800\" height=\"523\" class=\"alignnone wp-image-330 size-full\" alt=\"\" src=\"http:\/\/blog.dieter-rossbach.com\/e30\/wp-content\/uploads\/2019\/02\/e30-108-800.jpg\" srcset=\"https:\/\/blog.dieter-rossbach.com\/E30\/wp-content\/uploads\/sites\/2\/2019\/02\/e30-108-800.jpg 800w, https:\/\/blog.dieter-rossbach.com\/E30\/wp-content\/uploads\/sites\/2\/2019\/02\/e30-108-800-300x196.jpg 300w, https:\/\/blog.dieter-rossbach.com\/E30\/wp-content\/uploads\/sites\/2\/2019\/02\/e30-108-800-768x502.jpg 768w\" sizes=\"auto, (max-width: 800px) 100vw, 800px\" \/><\/p>\n<p>Jetzt m\u00fcssen die Anbauteile noch ges\u00e4ubert und aufgearbeitet werden und dann kommt der sch\u00f6ne Teil: die Komplettierung.<\/p>\n<p><img loading=\"lazy\" decoding=\"async\" width=\"800\" height=\"531\" class=\"alignnone wp-image-331 size-full\" alt=\"\" src=\"http:\/\/blog.dieter-rossbach.com\/e30\/wp-content\/uploads\/2019\/02\/e30-107-800.jpg\" srcset=\"https:\/\/blog.dieter-rossbach.com\/E30\/wp-content\/uploads\/sites\/2\/2019\/02\/e30-107-800.jpg 800w, https:\/\/blog.dieter-rossbach.com\/E30\/wp-content\/uploads\/sites\/2\/2019\/02\/e30-107-800-300x199.jpg 300w, https:\/\/blog.dieter-rossbach.com\/E30\/wp-content\/uploads\/sites\/2\/2019\/02\/e30-107-800-768x510.jpg 768w\" sizes=\"auto, (max-width: 800px) 100vw, 800px\" \/><\/p>\n<p>&nbsp;<\/p>\n","protected":false},"excerpt":{"rendered":"<p>Die Lackerarbeiten sind abgeschlossen. Alle Scharten und Schrammen sind sauber entfernt, das neue Heckbleck f\u00fcgt sich ordentlich in die Karosserie ein. Jetzt m\u00fcssen die Anbauteile noch ges\u00e4ubert und aufgearbeitet werden und dann kommt der sch\u00f6ne Teil: die Komplettierung. &nbsp;<\/p>\n","protected":false},"author":1,"featured_media":0,"comment_status":"closed","ping_status":"closed","sticky":false,"template":"","format":"standard","meta":{"footnotes":""},"categories":[58,59,57],"tags":[],"class_list":["post-329","post","type-post","status-publish","format-standard","hentry","category-aussen","category-karosserie","category-restaurierung"],"_links":{"self":[{"href":"https:\/\/blog.dieter-rossbach.com\/E30\/wp-json\/wp\/v2\/posts\/329","targetHints":{"allow":["GET"]}}],"collection":[{"href":"https:\/\/blog.dieter-rossbach.com\/E30\/wp-json\/wp\/v2\/posts"}],"about":[{"href":"https:\/\/blog.dieter-rossbach.com\/E30\/wp-json\/wp\/v2\/types\/post"}],"author":[{"embeddable":true,"href":"https:\/\/blog.dieter-rossbach.com\/E30\/wp-json\/wp\/v2\/users\/1"}],"replies":[{"embeddable":true,"href":"https:\/\/blog.dieter-rossbach.com\/E30\/wp-json\/wp\/v2\/comments?post=329"}],"version-history":[{"count":4,"href":"https:\/\/blog.dieter-rossbach.com\/E30\/wp-json\/wp\/v2\/posts\/329\/revisions"}],"predecessor-version":[{"id":789,"href":"https:\/\/blog.dieter-rossbach.com\/E30\/wp-json\/wp\/v2\/posts\/329\/revisions\/789"}],"wp:attachment":[{"href":"https:\/\/blog.dieter-rossbach.com\/E30\/wp-json\/wp\/v2\/media?parent=329"}],"wp:term":[{"taxonomy":"category","embeddable":true,"href":"https:\/\/blog.dieter-rossbach.com\/E30\/wp-json\/wp\/v2\/categories?post=329"},{"taxonomy":"post_tag","embeddable":true,"href":"https:\/\/blog.dieter-rossbach.com\/E30\/wp-json\/wp\/v2\/tags?post=329"}],"curies":[{"name":"wp","href":"https:\/\/api.w.org\/{rel}","templated":true}]}}